{"id":1053,"date":"2024-04-16T17:24:14","date_gmt":"2024-04-16T15:24:14","guid":{"rendered":"https:\/\/jube4u.de\/?p=1053"},"modified":"2024-04-16T18:06:19","modified_gmt":"2024-04-16T16:06:19","slug":"vortreffen-fuer-jugendbegegnung-2024-in-kalisz-pomorski","status":"publish","type":"post","link":"https:\/\/jube4u.de\/?p=1053","title":{"rendered":"Vortreffen f\u00fcr Jugendbegegnung 2024 in Kalisz Pomorski"},"content":{"rendered":"<p>Vom 05. \u2013 07.04.2024 war das deutsche Organisationsteam in Kalisz Pomorski, um nunmehr in die finale Planung der 33. deutsch-polnischen Jugendbegegnung einzusteigen.<\/p>\n<p>Bei angenehmen fr\u00fchlingshaften Temperaturen wurden wir sehr herzlich durch das polnische Organisationsteam begr\u00fc\u00dft. Mit dabei waren von polnischer Seiter die Schulleiterin Dorota \u0141awniczak, die beiden Lehrerinnen Katarzyna Horba und Emilia Bogusz, die den Jugendaustausch begleiten sowie die Dolmetscherin Anna Arcimowicz.<\/p>\n<p>Das deutsche Organisationteam, bestehend aus Christian R\u00fcter, Andreas Keller, Kim Steger und Marzena Wroblewska stellten w\u00e4hrend des Treffens den aktuellen Planungsstand des Programms f\u00fcr den Aufenthalt in Kaltenkirchen vor.<\/p>\n<p>Nach der Vorstellung des Programms f\u00fcr den Aufenthalt in Kalisz Pomorski wurde an beiden Programmen noch einige Anpassungen vorgenommen.<\/p>\n<p>Das polnisch-deutsche Jugendaustauschprogramm verspricht somit eine einzigartige Gelegenheit f\u00fcr unsere Teilnehmer zu sein, neue Kulturen zu entdecken und internationale Freundschaften zu schlie\u00dfen.<\/p>\n<p>Auf deutscher Seite beginnen nun die Detailplanungen.<\/p>\n<p>v.l.n.r<br \/>\nKim Steger, Katarzyna Horba, Andreas Keller, Anna Arcimowicz, Christian R\u00fcter, Dorota \u0141awniczak, Emilia Bogusz<\/p>\n","protected":false},"excerpt":{"rendered":"<p>Vom 05. \u2013 07.04.2024 war das deutsche Organisationsteam in Kalisz Pomorski, um nunmehr in die finale Planung der 33. deutsch-polnischen Jugendbegegnung einzusteigen. Bei angenehmen fr\u00fchlingshaften Temperaturen wurden wir sehr herzlich&#8230;<\/p>\n<div class=\"more-link-wrapper\"><a class=\"more-link\" href=\"https:\/\/jube4u.de\/?p=1053\">Weiterlesen<span class=\"screen-reader-text\">Vortreffen f\u00fcr Jugendbegegnung 2024 in Kalisz Pomorski<\/span><\/a><\/div>\n","protected":false},"author":3,"featured_media":0,"comment_status":"closed","ping_status":"closed","sticky":false,"template":"","format":"standard","meta":{"footnotes":""},"categories":[2],"tags":[10,6,7],"class_list":["post-1053","post","type-post","status-publish","format-standard","hentry","category-jube","tag-jube","tag-kalisz-pomorski","tag-kaltenkirchen","excerpt"],"publishpress_future_action":{"enabled":false,"date":"2026-05-08 06:20:43","action":"change-status","newStatus":"draft","terms":[],"taxonomy":"category","extraData":[]},"publishpress_future_workflow_manual_trigger":{"enabledWorkflows":[]},"_links":{"self":[{"href":"https:\/\/jube4u.de\/index.php?rest_route=\/wp\/v2\/posts\/1053","targetHints":{"allow":["GET"]}}],"collection":[{"href":"https:\/\/jube4u.de\/index.php?rest_route=\/wp\/v2\/posts"}],"about":[{"href":"https:\/\/jube4u.de\/index.php?rest_route=\/wp\/v2\/types\/post"}],"author":[{"embeddable":true,"href":"https:\/\/jube4u.de\/index.php?rest_route=\/wp\/v2\/users\/3"}],"replies":[{"embeddable":true,"href":"https:\/\/jube4u.de\/index.php?rest_route=%2Fwp%2Fv2%2Fcomments&post=1053"}],"version-history":[{"count":3,"href":"https:\/\/jube4u.de\/index.php?rest_route=\/wp\/v2\/posts\/1053\/revisions"}],"predecessor-version":[{"id":1059,"href":"https:\/\/jube4u.de\/index.php?rest_route=\/wp\/v2\/posts\/1053\/revisions\/1059"}],"wp:attachment":[{"href":"https:\/\/jube4u.de\/index.php?rest_route=%2Fwp%2Fv2%2Fmedia&parent=1053"}],"wp:term":[{"taxonomy":"category","embeddable":true,"href":"https:\/\/jube4u.de\/index.php?rest_route=%2Fwp%2Fv2%2Fcategories&post=1053"},{"taxonomy":"post_tag","embeddable":true,"href":"https:\/\/jube4u.de\/index.php?rest_route=%2Fwp%2Fv2%2Ftags&post=1053"}],"curies":[{"name":"wp","href":"https:\/\/api.w.org\/{rel}","templated":true}]}}