{"id":1238,"date":"2026-04-27T05:35:54","date_gmt":"2026-04-27T03:35:54","guid":{"rendered":"https:\/\/jube4u.de\/?p=1238"},"modified":"2026-04-27T05:35:54","modified_gmt":"2026-04-27T03:35:54","slug":"%f0%9f%8c%8d%e2%9c%a8-wahnsinn-der-35-jugendaustausch-ist-offiziell-ausgebucht","status":"publish","type":"post","link":"https:\/\/jube4u.de\/?p=1238","title":{"rendered":"\ud83c\udf0d\u2728 Wahnsinn! Der 35. Jugendaustausch ist offiziell ausgebucht!"},"content":{"rendered":"<p>Hallo an alle Abenteuerlustigen und liebe Eltern,<br \/>\nwir sind absolut sprachlos! Innerhalb k\u00fcrzester Zeit haben uns so viele Anmeldungen erreicht, dass unsere 20 Pl\u00e4tze f\u00fcr die Jubil\u00e4umsbegegnung zwischen Kaltenkirchen und Kalisz Pomorski nun vollst\u00e4ndig belegt sind.<br \/>\nDass das Interesse an unserer deutsch-polnischen Freundschaft nach 35 Jahren so riesig ist, freut uns riesig \u2013 danke f\u00fcr euer Vertrauen! \ud83d\ude0d\ud83d\ude4c<\/p>\n<p>\ud83d\udcdd Wie geht es jetzt weiter? Die Warteliste \u00f6ffnet!<br \/>\nDa die Erfahrung zeigt, dass sich Pl\u00e4ne manchmal kurzfristig \u00e4ndern, er\u00f6ffnen wir ab sofort eine Warteliste.<br \/>\nFalls du also unbedingt dabei sein m\u00f6chtest, schreib uns trotzdem eine E-Mail an:<br \/>\n\ud83d\udce7 <a href=\"mailto:info@jube4u.de\">info@jube4u.de<\/a><br \/>\nSollte ein Platz freiwerden, r\u00fccken die Personen auf der Warteliste in der Reihenfolge ihres Nachrichteneingangs nach. Wir melden uns dann umgehend bei euch!<\/p>\n<p>Wir freuen uns riesig auf einen unvergesslichen Sommer 2026!<br \/>\nEuer Team vom jube4u \ud83c\udf0d<br \/>\nAndreas Keller<\/p>\n","protected":false},"excerpt":{"rendered":"<p>Hallo an alle Abenteuerlustigen und liebe Eltern, wir sind absolut sprachlos! Innerhalb k\u00fcrzester Zeit haben uns so viele Anmeldungen erreicht, dass unsere 20 Pl\u00e4tze f\u00fcr die Jubil\u00e4umsbegegnung zwischen Kaltenkirchen und&#8230;<\/p>\n<div class=\"more-link-wrapper\"><a class=\"more-link\" href=\"https:\/\/jube4u.de\/?p=1238\">Weiterlesen<span class=\"screen-reader-text\">\ud83c\udf0d\u2728 Wahnsinn! Der 35. Jugendaustausch ist offiziell ausgebucht!<\/span><\/a><\/div>\n","protected":false},"author":2,"featured_media":0,"comment_status":"closed","ping_status":"closed","sticky":false,"template":"","format":"standard","meta":{"footnotes":""},"categories":[2],"tags":[],"class_list":["post-1238","post","type-post","status-publish","format-standard","hentry","category-jube","excerpt"],"publishpress_future_action":{"enabled":false,"date":"2026-05-04 15:15:05","action":"change-status","newStatus":"draft","terms":[],"taxonomy":"category","extraData":[]},"publishpress_future_workflow_manual_trigger":{"enabledWorkflows":[]},"_links":{"self":[{"href":"https:\/\/jube4u.de\/index.php?rest_route=\/wp\/v2\/posts\/1238","targetHints":{"allow":["GET"]}}],"collection":[{"href":"https:\/\/jube4u.de\/index.php?rest_route=\/wp\/v2\/posts"}],"about":[{"href":"https:\/\/jube4u.de\/index.php?rest_route=\/wp\/v2\/types\/post"}],"author":[{"embeddable":true,"href":"https:\/\/jube4u.de\/index.php?rest_route=\/wp\/v2\/users\/2"}],"replies":[{"embeddable":true,"href":"https:\/\/jube4u.de\/index.php?rest_route=%2Fwp%2Fv2%2Fcomments&post=1238"}],"version-history":[{"count":2,"href":"https:\/\/jube4u.de\/index.php?rest_route=\/wp\/v2\/posts\/1238\/revisions"}],"predecessor-version":[{"id":1240,"href":"https:\/\/jube4u.de\/index.php?rest_route=\/wp\/v2\/posts\/1238\/revisions\/1240"}],"wp:attachment":[{"href":"https:\/\/jube4u.de\/index.php?rest_route=%2Fwp%2Fv2%2Fmedia&parent=1238"}],"wp:term":[{"taxonomy":"category","embeddable":true,"href":"https:\/\/jube4u.de\/index.php?rest_route=%2Fwp%2Fv2%2Fcategories&post=1238"},{"taxonomy":"post_tag","embeddable":true,"href":"https:\/\/jube4u.de\/index.php?rest_route=%2Fwp%2Fv2%2Ftags&post=1238"}],"curies":[{"name":"wp","href":"https:\/\/api.w.org\/{rel}","templated":true}]}}